{"id":2392,"date":"2025-06-24T20:08:28","date_gmt":"2025-06-24T18:08:28","guid":{"rendered":"https:\/\/rawa-kanu.de\/rawa2016\/?p=2392"},"modified":"2025-06-24T20:08:29","modified_gmt":"2025-06-24T18:08:29","slug":"rawa-ist-vize-westdeutscher-meister","status":"publish","type":"post","link":"https:\/\/rawa-kanu.de\/rawa2016\/2025\/06\/24\/rawa-ist-vize-westdeutscher-meister\/","title":{"rendered":"Rawa ist (Vize-) Westdeutscher Meister!"},"content":{"rendered":"\n<p><strong>3 Sportler qualifizieren sich f\u00fcr die deutsche Sch\u00fclermeister!<\/strong><\/p>\n\n\n\n<p>Ein erfolgreiches Wochenende liegt hinter den Sportlern des Rawa Essen 1931 e.V.. Am 24. und 25. Mai fanden die diesj\u00e4hrigen Gruppenmeisterschaften West\/ NRW Cup in Neuss auf der Erft statt.<\/p>\n\n\n\n<p>Bereits am Freitag trat die Mannschaft die Anreise zum Erftslalom an, um bereits eine erste Trainingseinheit auf dem Wasser zu absolvieren und das Lager f\u00fcr die n\u00e4chsten Tage vorzubereiten.<\/p>\n\n\n\n<p>Der Samstag startete mit der zweiten Trainingseinheit und einem anschlie\u00dfenden durchgetakteten Zeitplan (Essensauswahl, -zeiten, Entspannung, Aufw\u00e4rmen, mentale St\u00e4rke) zur bestm\u00f6glichen Vorbereitung auf die Einzell\u00e4ufe. Entsprechend motiviert ging es f\u00fcr Keke Neudorf und Ilja Adrian in der Klasse der m\u00e4nnlichen U12 sowie Mats Neudorf bei den m\u00e4nnlichen U14 an den Start. Der erste Lauf lief bis auf kleine Fehler bei fast allen perfekt. Leider entsprach das Wetter nicht der allgemeinen Motivation- es regnet fast durchgehend in Str\u00f6men. Aufgrund technischer Schwierigkeiten verz\u00f6gerten sich die Rennen um \u00fcber eine Stunde, sodass die Sportler mehr oder weniger durchn\u00e4sst und unterk\u00fchlt zum zweiten Lauf antraten. Dementsprechend fiel das Ergebnis eher negativ aus und die Zeiten des ersten Laufes waren entscheidend.<\/p>\n\n\n\n<p>Keke Neudorf erzielte den 7. Platz vor Ilja Adrian auf dem 9. Platz (Gesamt Starter: 12). Mats Neudorf erreichte den 6. Platz (Gesamtstarter: 16). Dies bedeutet: die Qualifizierung f\u00fcr die deutsche Sch\u00fclermeister 2025 in Bad Kreuznach ist f\u00fcr alle drei Sportler gesichert! Herzlichen Gl\u00fcckwunsch!<\/p>\n\n\n\n<p>Zum Abschluss des Tages g\u00f6nnten sich die Sportler erstens eine hei\u00dfe Dusche und au\u00dferdem eine wohlverdiente Pizza.<\/p>\n\n\n\n<p>Der zweite Wettkampftag startet mit deutlich besserem Wetter. Als allererster Fahrer des Tages startete Jonne Neudorf bei den m\u00e4nnlichen U8. Mit Erfolg ging es f\u00fcr ihn problemlos die anspruchsvolle Strecke hinunter. Sein Bruder Fiete Neudorf tat es ihm bei den m\u00e4nnlichen U10 gleich. Fazit nach dem ersten Lauf: 1. Platz (Gesamt Starter: 2) und 2. Platz (Gesamt Starter: 5). Ebenfalls f\u00fcr Rawa am Sonntag am Start war Jan Felderhoff bei den m\u00e4nnlichen U16. Er passierte die Strecke nicht ganz wie geplant, nahm sich aber eine Steigerung f\u00fcr den zweiten Lauf vor.<\/p>\n\n\n\n<p>Die Pause zwischen den L\u00e4ufen wurde erneut zum St\u00e4rken und Entspannen genutzt, sodass motiviert zum zweiten Lauf angetreten werden konnte. Leider schmissen die Wellen sowohl Jonne als auch Fiete um. Dennoch reichten die Zeiten aus den ersten L\u00e4ufen aus und somit kann Rawa stolz verk\u00fcnden: Wir sind dank Jonne Neudorf Westdeutscher Meister und dank Fiete Neudorf Westdeutscher Vizemeister!<\/p>\n\n\n\n<p>Jan Felderhoff konnte sein Ziel zur Verbesserung im zweiten Lauf halten und erlangte den 18. Platz (Gesamt Starter: 22).<\/p>\n\n\n\n<p>Zum Ende des Wettkampfes gingen erneut die Sportler Keke Neudorf, Ilja Adrian und Mats Neudorf als Mannschaft bei den m\u00e4nnlichen U14 an den Start. Nach gemeinsamen Absprachen bzgl. der Fahrweise v.a. der kniffligen Stellen in der Mitte der Strecke mit viel Wellen und Wasserdruck, paddelte die Mannschaft los. Leider kam es zu einer ungeplanten Situation, welche den letzten Fahrer weit nach hinten fallen lie\u00df und letztlich zu einer \u00dcberholung der nachfolgenden Mannschaft f\u00fchrte. Somit erzielte die Rawa-Mannschaft einen undankbaren vorletzten Platz.<\/p>\n\n\n\n<p>Den Abschluss des Tages bildete die Siegerehrung.<\/p>\n\n\n\n<p>Anschlie\u00dfend ging es f\u00fcr alle ersch\u00f6pft, aber zufrieden nach Hause.<\/p>\n\n\n\n<p>Wir danken allen Sportlern und den Eltern f\u00fcr ihren Einsatz und den Rawa-Zuschauern f\u00fcrs Anfeuern!<\/p>\n\n\n\n<figure class=\"wp-block-image size-full\"><a href=\"https:\/\/rawa-kanu.de\/rawa2016\/wp-content\/uploads\/2025\/06\/Neuss-Mannschaft.jpg\"><img loading=\"lazy\" decoding=\"async\" width=\"1024\" height=\"800\" src=\"https:\/\/rawa-kanu.de\/rawa2016\/wp-content\/uploads\/2025\/06\/Neuss-Mannschaft.jpg\" alt=\"\" class=\"wp-image-2393\" srcset=\"https:\/\/rawa-kanu.de\/rawa2016\/wp-content\/uploads\/2025\/06\/Neuss-Mannschaft.jpg 1024w, https:\/\/rawa-kanu.de\/rawa2016\/wp-content\/uploads\/2025\/06\/Neuss-Mannschaft-300x234.jpg 300w, https:\/\/rawa-kanu.de\/rawa2016\/wp-content\/uploads\/2025\/06\/Neuss-Mannschaft-768x600.jpg 768w\" sizes=\"auto, (max-width: 1024px) 100vw, 1024px\" \/><\/a><\/figure>\n","protected":false},"excerpt":{"rendered":"<p>3 Sportler qualifizieren sich f\u00fcr die deutsche Sch\u00fclermeister! Ein erfolgreiches&#8230; <\/p>\n","protected":false},"author":3,"featured_media":0,"comment_status":"closed","ping_status":"closed","sticky":false,"template":"","format":"standard","meta":{"footnotes":""},"categories":[1],"tags":[],"class_list":["post-2392","post","type-post","status-publish","format-standard","hentry","category-allgemein"],"_links":{"self":[{"href":"https:\/\/rawa-kanu.de\/rawa2016\/wp-json\/wp\/v2\/posts\/2392","targetHints":{"allow":["GET"]}}],"collection":[{"href":"https:\/\/rawa-kanu.de\/rawa2016\/wp-json\/wp\/v2\/posts"}],"about":[{"href":"https:\/\/rawa-kanu.de\/rawa2016\/wp-json\/wp\/v2\/types\/post"}],"author":[{"embeddable":true,"href":"https:\/\/rawa-kanu.de\/rawa2016\/wp-json\/wp\/v2\/users\/3"}],"replies":[{"embeddable":true,"href":"https:\/\/rawa-kanu.de\/rawa2016\/wp-json\/wp\/v2\/comments?post=2392"}],"version-history":[{"count":1,"href":"https:\/\/rawa-kanu.de\/rawa2016\/wp-json\/wp\/v2\/posts\/2392\/revisions"}],"predecessor-version":[{"id":2394,"href":"https:\/\/rawa-kanu.de\/rawa2016\/wp-json\/wp\/v2\/posts\/2392\/revisions\/2394"}],"wp:attachment":[{"href":"https:\/\/rawa-kanu.de\/rawa2016\/wp-json\/wp\/v2\/media?parent=2392"}],"wp:term":[{"taxonomy":"category","embeddable":true,"href":"https:\/\/rawa-kanu.de\/rawa2016\/wp-json\/wp\/v2\/categories?post=2392"},{"taxonomy":"post_tag","embeddable":true,"href":"https:\/\/rawa-kanu.de\/rawa2016\/wp-json\/wp\/v2\/tags?post=2392"}],"curies":[{"name":"wp","href":"https:\/\/api.w.org\/{rel}","templated":true}]}}