{"id":2385,"date":"2025-06-24T20:02:45","date_gmt":"2025-06-24T18:02:45","guid":{"rendered":"https:\/\/rawa-kanu.de\/rawa2016\/?p=2385"},"modified":"2025-06-24T20:02:47","modified_gmt":"2025-06-24T18:02:47","slug":"rawa-erfolgreich-in-unna","status":"publish","type":"post","link":"https:\/\/rawa-kanu.de\/rawa2016\/2025\/06\/24\/rawa-erfolgreich-in-unna\/","title":{"rendered":"Rawa erfolgreich in Unna"},"content":{"rendered":"\n<p>Am Wochenende 17. und 18. Mai fand der 33. Unnaer Kanuslalom statt.<\/p>\n\n\n\n<p>Am Samstag war die Trainingsgruppe auf sich selbst gestellt, da die Trainerinnen verhindert waren. Beim Training wurden die Sportler von ihren Eltern unterst\u00fctzt und die j\u00fcngeren Sportler von den \u00c4lteren.<\/p>\n\n\n\n<p>Dass der Wettkampf auch ohne Anwesenheit der Trainerinnen sehr gut funktioniert, zeigte sich in den Ergebnissen des ersten Tages.<\/p>\n\n\n\n<p>Mats Neudorf erzielte bei den m\u00e4nnlichen U14 den 3. Platz von 15.<\/p>\n\n\n\n<p>Keke Neudorf erzielte bei den m\u00e4nnlichen U12 den 4. Platz von 13.<\/p>\n\n\n\n<p>Ilja Adrian erzielte ebenfalls bei den m\u00e4nnlichen U12 den 10. Platz von 13.<\/p>\n\n\n\n<p>Joshua Adrian erzielte bei den m\u00e4nnlichen U10 den 5.Platz von 6.<\/p>\n\n\n\n<p>Mit der Erfahrung von Samstag ging es am Sonntag bei bestem Wetter weiter.<\/p>\n\n\n\n<p>Besonders hervorzuheben ist hier das Ergebnis von Mats Neudorf, der bei den m\u00e4nnlichen U14 den 2. Platz (von 15) belegte. Aber auch die weiteren Rawa Sportler haben am zweiten Tag erneut (sehr) gute Pl\u00e4tze erzielt.<\/p>\n\n\n\n<p>Keke Neudorf wurde 6. von 13 bei den m\u00e4nnlichen U12.<\/p>\n\n\n\n<p>Ilja Adrian, ebenfalls bei den m\u00e4nnlichen U12, wurde erneut 10. von 13.<\/p>\n\n\n\n<p>Fiete Neudorf erzielte den 4. Platz von 6 bei den m\u00e4nnliche U10.<\/p>\n\n\n\n<p>Joshua Adrian, ebenfalls bei den m\u00e4nnlichen U10, erlangte den 6. Platz.<\/p>\n\n\n\n<p>Jonne Neudorf holte sich Silber bei den m\u00e4nnlichen U8 (3 Starter).<\/p>\n\n\n\n<p>Nach den Einzell\u00e4ufen folgten noch die Mannschaftsl\u00e4ufe. Die erste Mannschaft des Rawa bestehend aus Mats und Keke Neudorf sowie Ilja Adrian paddelte auf Platz 8 von 11 bei den m\u00e4nnlichen Sch\u00fclern. Das erste Mal auf einem Wettkampf ging die zweite Mannschaft um Fiete und Jonne Neudorf mit Joshua Adrian an den Start. Die jungen Sportler paddelten souver\u00e4n die Strecke hinunter und erzielten Platz 11.<\/p>\n\n\n\n<p>Fazit des Wochenendes: Wieder einmal den Wettkampf erfolgreich beendet!<\/p>\n\n\n\n<p>Jetzt hei\u00dft es Kraft tanken bis zum n\u00e4chsten Wochenende mit einem der wichtigsten Wettk\u00e4mpfe vor den Sommerferien, der Gruppenmeisterschaft West.<\/p>\n\n\n\n<p>Wir bedanken uns bei den Sportlern f\u00fcr Ihre Leistung und bei den Eltern vor allem f\u00fcr die allgemeine Organisation und den Trainer-Ersatz an diesem Wochenende!<\/p>\n\n\n\n<figure class=\"wp-block-image size-full\"><a href=\"https:\/\/rawa-kanu.de\/rawa2016\/wp-content\/uploads\/2025\/06\/Unna-Strecke-besprechen.jpg\"><img loading=\"lazy\" decoding=\"async\" width=\"800\" height=\"600\" src=\"https:\/\/rawa-kanu.de\/rawa2016\/wp-content\/uploads\/2025\/06\/Unna-Strecke-besprechen.jpg\" alt=\"\" class=\"wp-image-2386\" srcset=\"https:\/\/rawa-kanu.de\/rawa2016\/wp-content\/uploads\/2025\/06\/Unna-Strecke-besprechen.jpg 800w, https:\/\/rawa-kanu.de\/rawa2016\/wp-content\/uploads\/2025\/06\/Unna-Strecke-besprechen-300x225.jpg 300w, https:\/\/rawa-kanu.de\/rawa2016\/wp-content\/uploads\/2025\/06\/Unna-Strecke-besprechen-768x576.jpg 768w\" sizes=\"auto, (max-width: 800px) 100vw, 800px\" \/><\/a><\/figure>\n\n\n\n<p><\/p>\n\n\n\n<figure class=\"wp-block-image size-full\"><a href=\"https:\/\/rawa-kanu.de\/rawa2016\/wp-content\/uploads\/2025\/06\/Unna-Mannschaft-Mats-Neudorf-Keke-Neudorf-Ilja-Adrian-1-1.jpg\"><img loading=\"lazy\" decoding=\"async\" width=\"600\" height=\"800\" src=\"https:\/\/rawa-kanu.de\/rawa2016\/wp-content\/uploads\/2025\/06\/Unna-Mannschaft-Mats-Neudorf-Keke-Neudorf-Ilja-Adrian-1-1.jpg\" alt=\"\" class=\"wp-image-2388\" srcset=\"https:\/\/rawa-kanu.de\/rawa2016\/wp-content\/uploads\/2025\/06\/Unna-Mannschaft-Mats-Neudorf-Keke-Neudorf-Ilja-Adrian-1-1.jpg 600w, https:\/\/rawa-kanu.de\/rawa2016\/wp-content\/uploads\/2025\/06\/Unna-Mannschaft-Mats-Neudorf-Keke-Neudorf-Ilja-Adrian-1-1-225x300.jpg 225w\" sizes=\"auto, (max-width: 600px) 100vw, 600px\" \/><\/a><figcaption class=\"wp-element-caption\">Mats Neudorf, Keke Neudorf, Ilja Adrian<\/figcaption><\/figure>\n\n\n\n<p><\/p>\n\n\n\n<figure class=\"wp-block-image size-full\"><a href=\"https:\/\/rawa-kanu.de\/rawa2016\/wp-content\/uploads\/2025\/06\/Unna-Mannschaft-Joshua-Adrian-Jonne-Neudorf-Fiete-Neudorf.jpg\"><img loading=\"lazy\" decoding=\"async\" width=\"800\" height=\"600\" src=\"https:\/\/rawa-kanu.de\/rawa2016\/wp-content\/uploads\/2025\/06\/Unna-Mannschaft-Joshua-Adrian-Jonne-Neudorf-Fiete-Neudorf.jpg\" alt=\"\" class=\"wp-image-2389\" srcset=\"https:\/\/rawa-kanu.de\/rawa2016\/wp-content\/uploads\/2025\/06\/Unna-Mannschaft-Joshua-Adrian-Jonne-Neudorf-Fiete-Neudorf.jpg 800w, https:\/\/rawa-kanu.de\/rawa2016\/wp-content\/uploads\/2025\/06\/Unna-Mannschaft-Joshua-Adrian-Jonne-Neudorf-Fiete-Neudorf-300x225.jpg 300w, https:\/\/rawa-kanu.de\/rawa2016\/wp-content\/uploads\/2025\/06\/Unna-Mannschaft-Joshua-Adrian-Jonne-Neudorf-Fiete-Neudorf-768x576.jpg 768w\" sizes=\"auto, (max-width: 800px) 100vw, 800px\" \/><\/a><figcaption class=\"wp-element-caption\">Joshua Adrian, Jonne Neudorf, Fiete Neudorf<\/figcaption><\/figure>\n\n\n\n<p><\/p>\n\n\n\n<figure class=\"wp-block-image size-full\"><a href=\"https:\/\/rawa-kanu.de\/rawa2016\/wp-content\/uploads\/2025\/06\/Unna-alle-Sportler.jpg\"><img loading=\"lazy\" decoding=\"async\" width=\"800\" height=\"600\" src=\"https:\/\/rawa-kanu.de\/rawa2016\/wp-content\/uploads\/2025\/06\/Unna-alle-Sportler.jpg\" alt=\"\" class=\"wp-image-2390\" srcset=\"https:\/\/rawa-kanu.de\/rawa2016\/wp-content\/uploads\/2025\/06\/Unna-alle-Sportler.jpg 800w, https:\/\/rawa-kanu.de\/rawa2016\/wp-content\/uploads\/2025\/06\/Unna-alle-Sportler-300x225.jpg 300w, https:\/\/rawa-kanu.de\/rawa2016\/wp-content\/uploads\/2025\/06\/Unna-alle-Sportler-768x576.jpg 768w\" sizes=\"auto, (max-width: 800px) 100vw, 800px\" \/><\/a><\/figure>\n\n\n\n<p><\/p>\n","protected":false},"excerpt":{"rendered":"<p>Am Wochenende 17. und 18. Mai fand der 33. Unnaer&#8230; <\/p>\n","protected":false},"author":3,"featured_media":0,"comment_status":"closed","ping_status":"closed","sticky":false,"template":"","format":"standard","meta":{"footnotes":""},"categories":[1],"tags":[],"class_list":["post-2385","post","type-post","status-publish","format-standard","hentry","category-allgemein"],"_links":{"self":[{"href":"https:\/\/rawa-kanu.de\/rawa2016\/wp-json\/wp\/v2\/posts\/2385","targetHints":{"allow":["GET"]}}],"collection":[{"href":"https:\/\/rawa-kanu.de\/rawa2016\/wp-json\/wp\/v2\/posts"}],"about":[{"href":"https:\/\/rawa-kanu.de\/rawa2016\/wp-json\/wp\/v2\/types\/post"}],"author":[{"embeddable":true,"href":"https:\/\/rawa-kanu.de\/rawa2016\/wp-json\/wp\/v2\/users\/3"}],"replies":[{"embeddable":true,"href":"https:\/\/rawa-kanu.de\/rawa2016\/wp-json\/wp\/v2\/comments?post=2385"}],"version-history":[{"count":1,"href":"https:\/\/rawa-kanu.de\/rawa2016\/wp-json\/wp\/v2\/posts\/2385\/revisions"}],"predecessor-version":[{"id":2391,"href":"https:\/\/rawa-kanu.de\/rawa2016\/wp-json\/wp\/v2\/posts\/2385\/revisions\/2391"}],"wp:attachment":[{"href":"https:\/\/rawa-kanu.de\/rawa2016\/wp-json\/wp\/v2\/media?parent=2385"}],"wp:term":[{"taxonomy":"category","embeddable":true,"href":"https:\/\/rawa-kanu.de\/rawa2016\/wp-json\/wp\/v2\/categories?post=2385"},{"taxonomy":"post_tag","embeddable":true,"href":"https:\/\/rawa-kanu.de\/rawa2016\/wp-json\/wp\/v2\/tags?post=2385"}],"curies":[{"name":"wp","href":"https:\/\/api.w.org\/{rel}","templated":true}]}}