{"id":2350,"date":"2025-04-11T19:59:20","date_gmt":"2025-04-11T17:59:20","guid":{"rendered":"https:\/\/rawa-kanu.de\/rawa2016\/?p=2350"},"modified":"2025-04-11T20:14:57","modified_gmt":"2025-04-11T18:14:57","slug":"nachwuchsslalom-bergheim-2025","status":"publish","type":"post","link":"https:\/\/rawa-kanu.de\/rawa2016\/2025\/04\/11\/nachwuchsslalom-bergheim-2025\/","title":{"rendered":"Nachwuchsslalom Bergheim 2025"},"content":{"rendered":"\n<p>Die erste Regatta in diesem Jahr startete mit strahlendem Sonnenschein. Allerdings auch schon um 8:15 Uhr zum Training an der Slalomstrecke des Kanuklub Bergheim an der Erft. Nachdem sich im Training alle Sportler mit der Strecke vertraut machen konnten, startete um 11:15Uhr der Wettkampf. In diesem Jahr wurde die Regatta in Bergheim erstmalig als Nachwuchswettkampf f\u00fcr die Altersklassen U8 bis U16 durchgef\u00fchrt. Die Stimmung war super.<\/p>\n\n\n\n<p>F\u00fcr RAWA gingen sieben Sportler an den Start. Bei den J\u00fcngsten (m\u00e4nnliche Sch\u00fcler K1 U8) konnte Jonne Neudorf als Zweitplatzierter eine Silbermedaille erlangen. Sein Bruder Fiete Neudorf tat es ihm gleich und belegte im Rennen der m\u00e4nnlichen Sch\u00fcler K1 U10 den 3. Platz. Joshua Adrian belegte im gleichen Rennen den 7. Platz. Bei den m\u00e4nnlichen Sch\u00fclern K1 (U12) erk\u00e4mpfte sich Keke Neudorf den 5. Platz und sein Teamkollege Ilja Adrian den 7. Platz. Mats Neudorf (m\u00e4nnliche Sch\u00fcler K1 U14) und Jan Felderhoff (m\u00e4nnlich K1 U16) belegten in einem starken Rennen jeweils den 7. Platz. Jan K\u00f6rner, ebenfalls im Rennen der Altersklasse m\u00e4nnlich K1 U16 gemeldet, musste leider krankheitsbedingt ausfallen.<\/p>\n\n\n\n<p>Nach einer St\u00e4rkung mit Pommes, Bockwurst, Erbsensuppe und co. ging es nach der Mittagspause mit den Mannschaftsl\u00e4ufen weiter. Da Jan Felderhoff dieses Jahr bei den U16-Fahrern startete, wurde eine neue RAWA-Sch\u00fclermannschaft formiert, bestehend aus Keke Neudorf, Mats Neudorf und Ilja Adrian. Das neue Team konnte einen soliden 9. Platz erreichen.<\/p>\n\n\n\n<p>Erstmalig in diesem Jahr fand ein Kajak Cross Time Trial statt, an dem Mats Neudorf teilnahm und einen guten 4. Platz erlangen konnte.<\/p>\n\n\n\n<p>Nachdem die Boote geladen, alle Paddelsachen verstaut und die Siegerehrung vorbei war, ging es wieder zur\u00fcck nach Essen.<\/p>\n\n\n\n<figure class=\"wp-block-image size-large\"><a href=\"https:\/\/rawa-kanu.de\/rawa2016\/wp-content\/uploads\/2025\/04\/IMG-20250405-WA0004.jpg\"><img loading=\"lazy\" decoding=\"async\" width=\"771\" height=\"1024\" src=\"https:\/\/rawa-kanu.de\/rawa2016\/wp-content\/uploads\/2025\/04\/IMG-20250405-WA0004-771x1024.jpg\" alt=\"\" class=\"wp-image-2351\" srcset=\"https:\/\/rawa-kanu.de\/rawa2016\/wp-content\/uploads\/2025\/04\/IMG-20250405-WA0004-771x1024.jpg 771w, https:\/\/rawa-kanu.de\/rawa2016\/wp-content\/uploads\/2025\/04\/IMG-20250405-WA0004-226x300.jpg 226w, https:\/\/rawa-kanu.de\/rawa2016\/wp-content\/uploads\/2025\/04\/IMG-20250405-WA0004-768x1020.jpg 768w, https:\/\/rawa-kanu.de\/rawa2016\/wp-content\/uploads\/2025\/04\/IMG-20250405-WA0004-1157x1536.jpg 1157w, https:\/\/rawa-kanu.de\/rawa2016\/wp-content\/uploads\/2025\/04\/IMG-20250405-WA0004.jpg 1536w\" sizes=\"auto, (max-width: 771px) 100vw, 771px\" \/><\/a><\/figure>\n\n\n\n<p><\/p>\n\n\n\n<figure class=\"wp-block-image size-large\"><a href=\"https:\/\/rawa-kanu.de\/rawa2016\/wp-content\/uploads\/2025\/04\/IMG-20250405-WA0006.jpg\"><img loading=\"lazy\" decoding=\"async\" width=\"768\" height=\"1024\" src=\"https:\/\/rawa-kanu.de\/rawa2016\/wp-content\/uploads\/2025\/04\/IMG-20250405-WA0006-768x1024.jpg\" alt=\"\" class=\"wp-image-2352\" srcset=\"https:\/\/rawa-kanu.de\/rawa2016\/wp-content\/uploads\/2025\/04\/IMG-20250405-WA0006-768x1024.jpg 768w, https:\/\/rawa-kanu.de\/rawa2016\/wp-content\/uploads\/2025\/04\/IMG-20250405-WA0006-225x300.jpg 225w, https:\/\/rawa-kanu.de\/rawa2016\/wp-content\/uploads\/2025\/04\/IMG-20250405-WA0006-1152x1536.jpg 1152w, https:\/\/rawa-kanu.de\/rawa2016\/wp-content\/uploads\/2025\/04\/IMG-20250405-WA0006.jpg 1200w\" sizes=\"auto, (max-width: 768px) 100vw, 768px\" \/><\/a><\/figure>\n\n\n\n<p><\/p>\n\n\n\n<figure class=\"wp-block-image size-large\"><a href=\"https:\/\/rawa-kanu.de\/rawa2016\/wp-content\/uploads\/2025\/04\/IMG-20250405-WA0008.jpg\"><img loading=\"lazy\" decoding=\"async\" width=\"768\" height=\"1024\" src=\"https:\/\/rawa-kanu.de\/rawa2016\/wp-content\/uploads\/2025\/04\/IMG-20250405-WA0008-768x1024.jpg\" alt=\"\" class=\"wp-image-2353\" srcset=\"https:\/\/rawa-kanu.de\/rawa2016\/wp-content\/uploads\/2025\/04\/IMG-20250405-WA0008-768x1024.jpg 768w, https:\/\/rawa-kanu.de\/rawa2016\/wp-content\/uploads\/2025\/04\/IMG-20250405-WA0008-225x300.jpg 225w, https:\/\/rawa-kanu.de\/rawa2016\/wp-content\/uploads\/2025\/04\/IMG-20250405-WA0008-1152x1536.jpg 1152w, https:\/\/rawa-kanu.de\/rawa2016\/wp-content\/uploads\/2025\/04\/IMG-20250405-WA0008.jpg 1200w\" sizes=\"auto, (max-width: 768px) 100vw, 768px\" \/><\/a><\/figure>\n\n\n\n<p><\/p>\n\n\n\n<figure class=\"wp-block-image size-large\"><a href=\"https:\/\/rawa-kanu.de\/rawa2016\/wp-content\/uploads\/2025\/04\/IMG-20250405-WA0009.jpg\"><img loading=\"lazy\" decoding=\"async\" width=\"1024\" height=\"768\" src=\"https:\/\/rawa-kanu.de\/rawa2016\/wp-content\/uploads\/2025\/04\/IMG-20250405-WA0009-1024x768.jpg\" alt=\"\" class=\"wp-image-2354\" srcset=\"https:\/\/rawa-kanu.de\/rawa2016\/wp-content\/uploads\/2025\/04\/IMG-20250405-WA0009-1024x768.jpg 1024w, https:\/\/rawa-kanu.de\/rawa2016\/wp-content\/uploads\/2025\/04\/IMG-20250405-WA0009-300x225.jpg 300w, https:\/\/rawa-kanu.de\/rawa2016\/wp-content\/uploads\/2025\/04\/IMG-20250405-WA0009-768x576.jpg 768w, https:\/\/rawa-kanu.de\/rawa2016\/wp-content\/uploads\/2025\/04\/IMG-20250405-WA0009-1536x1152.jpg 1536w, https:\/\/rawa-kanu.de\/rawa2016\/wp-content\/uploads\/2025\/04\/IMG-20250405-WA0009.jpg 1600w\" sizes=\"auto, (max-width: 1024px) 100vw, 1024px\" \/><\/a><\/figure>\n\n\n\n<p><\/p>\n\n\n\n<figure class=\"wp-block-image size-large\"><a href=\"https:\/\/rawa-kanu.de\/rawa2016\/wp-content\/uploads\/2025\/04\/IMG-20250405-WA0010.jpg\"><img loading=\"lazy\" decoding=\"async\" width=\"768\" height=\"1024\" src=\"https:\/\/rawa-kanu.de\/rawa2016\/wp-content\/uploads\/2025\/04\/IMG-20250405-WA0010-768x1024.jpg\" alt=\"\" class=\"wp-image-2355\" srcset=\"https:\/\/rawa-kanu.de\/rawa2016\/wp-content\/uploads\/2025\/04\/IMG-20250405-WA0010-768x1024.jpg 768w, https:\/\/rawa-kanu.de\/rawa2016\/wp-content\/uploads\/2025\/04\/IMG-20250405-WA0010-225x300.jpg 225w, https:\/\/rawa-kanu.de\/rawa2016\/wp-content\/uploads\/2025\/04\/IMG-20250405-WA0010-1152x1536.jpg 1152w, https:\/\/rawa-kanu.de\/rawa2016\/wp-content\/uploads\/2025\/04\/IMG-20250405-WA0010.jpg 1200w\" sizes=\"auto, (max-width: 768px) 100vw, 768px\" \/><\/a><\/figure>\n","protected":false},"excerpt":{"rendered":"<p>Die erste Regatta in diesem Jahr startete mit strahlendem Sonnenschein&#8230;. <\/p>\n","protected":false},"author":3,"featured_media":0,"comment_status":"closed","ping_status":"closed","sticky":false,"template":"","format":"standard","meta":{"footnotes":""},"categories":[1],"tags":[],"class_list":["post-2350","post","type-post","status-publish","format-standard","hentry","category-allgemein"],"_links":{"self":[{"href":"https:\/\/rawa-kanu.de\/rawa2016\/wp-json\/wp\/v2\/posts\/2350","targetHints":{"allow":["GET"]}}],"collection":[{"href":"https:\/\/rawa-kanu.de\/rawa2016\/wp-json\/wp\/v2\/posts"}],"about":[{"href":"https:\/\/rawa-kanu.de\/rawa2016\/wp-json\/wp\/v2\/types\/post"}],"author":[{"embeddable":true,"href":"https:\/\/rawa-kanu.de\/rawa2016\/wp-json\/wp\/v2\/users\/3"}],"replies":[{"embeddable":true,"href":"https:\/\/rawa-kanu.de\/rawa2016\/wp-json\/wp\/v2\/comments?post=2350"}],"version-history":[{"count":2,"href":"https:\/\/rawa-kanu.de\/rawa2016\/wp-json\/wp\/v2\/posts\/2350\/revisions"}],"predecessor-version":[{"id":2360,"href":"https:\/\/rawa-kanu.de\/rawa2016\/wp-json\/wp\/v2\/posts\/2350\/revisions\/2360"}],"wp:attachment":[{"href":"https:\/\/rawa-kanu.de\/rawa2016\/wp-json\/wp\/v2\/media?parent=2350"}],"wp:term":[{"taxonomy":"category","embeddable":true,"href":"https:\/\/rawa-kanu.de\/rawa2016\/wp-json\/wp\/v2\/categories?post=2350"},{"taxonomy":"post_tag","embeddable":true,"href":"https:\/\/rawa-kanu.de\/rawa2016\/wp-json\/wp\/v2\/tags?post=2350"}],"curies":[{"name":"wp","href":"https:\/\/api.w.org\/{rel}","templated":true}]}}