{"id":2230,"date":"2024-09-14T15:59:12","date_gmt":"2024-09-14T13:59:12","guid":{"rendered":"https:\/\/rawa-kanu.de\/rawa2016\/?p=2230"},"modified":"2024-09-14T15:59:13","modified_gmt":"2024-09-14T13:59:13","slug":"5-elbsee-slalom-in-hilden","status":"publish","type":"post","link":"https:\/\/rawa-kanu.de\/rawa2016\/2024\/09\/14\/5-elbsee-slalom-in-hilden\/","title":{"rendered":"5. Elbsee Slalom in Hilden"},"content":{"rendered":"\n<p>Am 25.08 fand der 5. Elbsee Slalom auf dem Elbsee in Hilden statt. RAWA Essen ging bei der Nachwuchsregatta mit sechs Sportlern im Alter von 6 &#8211; 12Jahren bei windig, sonnigem Wetter an den Start.<\/p>\n\n\n\n<figure class=\"wp-block-image size-large\"><a href=\"https:\/\/rawa-kanu.de\/rawa2016\/wp-content\/uploads\/2024\/09\/IMG-20240825-WA0001.jpg\"><img loading=\"lazy\" decoding=\"async\" width=\"771\" height=\"1024\" src=\"https:\/\/rawa-kanu.de\/rawa2016\/wp-content\/uploads\/2024\/09\/IMG-20240825-WA0001-771x1024.jpg\" alt=\"\" class=\"wp-image-2231\" srcset=\"https:\/\/rawa-kanu.de\/rawa2016\/wp-content\/uploads\/2024\/09\/IMG-20240825-WA0001-771x1024.jpg 771w, https:\/\/rawa-kanu.de\/rawa2016\/wp-content\/uploads\/2024\/09\/IMG-20240825-WA0001-226x300.jpg 226w, https:\/\/rawa-kanu.de\/rawa2016\/wp-content\/uploads\/2024\/09\/IMG-20240825-WA0001-768x1021.jpg 768w, https:\/\/rawa-kanu.de\/rawa2016\/wp-content\/uploads\/2024\/09\/IMG-20240825-WA0001-1156x1536.jpg 1156w, https:\/\/rawa-kanu.de\/rawa2016\/wp-content\/uploads\/2024\/09\/IMG-20240825-WA0001.jpg 1204w\" sizes=\"auto, (max-width: 771px) 100vw, 771px\" \/><\/a><\/figure>\n\n\n\n<p>Als \u00e4ltester Starter von RAWA Essen paddelte Mats Neuforf im K1 in der Altersklasse der m\u00e4nnlichen Sch\u00fcler U12. Er belegte in einem starken Starterfeld den 2. Platz.<br>In der Altersklasse der m\u00e4nnlichen Sch\u00fcler U10 zeigten Keke Neudorf und Ilja Adrian ihr K\u00f6nnen. Keke Neudorf belegte den 1.Platz, gefolgt von Ilja Adrian, der den 4. Platz belegte.<\/p>\n\n\n\n<figure class=\"wp-block-image size-large\"><a href=\"https:\/\/rawa-kanu.de\/rawa2016\/wp-content\/uploads\/2024\/09\/IMG-20240825-WA0004.jpg\"><img loading=\"lazy\" decoding=\"async\" width=\"771\" height=\"1024\" src=\"https:\/\/rawa-kanu.de\/rawa2016\/wp-content\/uploads\/2024\/09\/IMG-20240825-WA0004-771x1024.jpg\" alt=\"\" class=\"wp-image-2232\" srcset=\"https:\/\/rawa-kanu.de\/rawa2016\/wp-content\/uploads\/2024\/09\/IMG-20240825-WA0004-771x1024.jpg 771w, https:\/\/rawa-kanu.de\/rawa2016\/wp-content\/uploads\/2024\/09\/IMG-20240825-WA0004-226x300.jpg 226w, https:\/\/rawa-kanu.de\/rawa2016\/wp-content\/uploads\/2024\/09\/IMG-20240825-WA0004-768x1021.jpg 768w, https:\/\/rawa-kanu.de\/rawa2016\/wp-content\/uploads\/2024\/09\/IMG-20240825-WA0004-1156x1536.jpg 1156w, https:\/\/rawa-kanu.de\/rawa2016\/wp-content\/uploads\/2024\/09\/IMG-20240825-WA0004.jpg 1204w\" sizes=\"auto, (max-width: 771px) 100vw, 771px\" \/><\/a><\/figure>\n\n\n\n<p>Fiete Neudorf und Joshua Adrian bew\u00e4ltigen im K1 bei den m\u00e4nnlichen Sch\u00fclern U8 die Slalomstrecke. Joshua meisterte die Strecke souver\u00e4n und belegte den 4.Platz. Fiete war noch etwas schneller unterwegs und erreichte Platz 3.<\/p>\n\n\n\n<p>Als j\u00fcngster Starter ging Jonne Neudorf in der Altersklasse der m\u00e4nnlichen Sch\u00fcler U6 im K1 an den Start. Er gab unter lautem Anfeuern seiner Vereinskollegen alles und konnte den 1.Platz belegen. Au\u00dferdem war er der j\u00fcngste Teilnehmer der gesamten Regatta!<\/p>\n\n\n\n<figure class=\"wp-block-image size-large\"><a href=\"https:\/\/rawa-kanu.de\/rawa2016\/wp-content\/uploads\/2024\/09\/RAWA-Team.jpg\"><img loading=\"lazy\" decoding=\"async\" width=\"1024\" height=\"771\" src=\"https:\/\/rawa-kanu.de\/rawa2016\/wp-content\/uploads\/2024\/09\/RAWA-Team-1024x771.jpg\" alt=\"\" class=\"wp-image-2233\" srcset=\"https:\/\/rawa-kanu.de\/rawa2016\/wp-content\/uploads\/2024\/09\/RAWA-Team-1024x771.jpg 1024w, https:\/\/rawa-kanu.de\/rawa2016\/wp-content\/uploads\/2024\/09\/RAWA-Team-300x226.jpg 300w, https:\/\/rawa-kanu.de\/rawa2016\/wp-content\/uploads\/2024\/09\/RAWA-Team-768x578.jpg 768w, https:\/\/rawa-kanu.de\/rawa2016\/wp-content\/uploads\/2024\/09\/RAWA-Team-1536x1157.jpg 1536w, https:\/\/rawa-kanu.de\/rawa2016\/wp-content\/uploads\/2024\/09\/RAWA-Team.jpg 2040w\" sizes=\"auto, (max-width: 1024px) 100vw, 1024px\" \/><\/a><\/figure>\n\n\n\n<p>Der gr\u00f6\u00dfte RAWA-Fan war nach diesem erfolgreichen Regatta-Tag G\u00fcnni. &#x1f60a;<\/p>\n\n\n\n<figure class=\"wp-block-image size-large\"><a href=\"https:\/\/rawa-kanu.de\/rawa2016\/wp-content\/uploads\/2024\/09\/IMG-20240825-WA0011.jpg\"><img loading=\"lazy\" decoding=\"async\" width=\"461\" height=\"1024\" src=\"https:\/\/rawa-kanu.de\/rawa2016\/wp-content\/uploads\/2024\/09\/IMG-20240825-WA0011-461x1024.jpg\" alt=\"\" class=\"wp-image-2234\" srcset=\"https:\/\/rawa-kanu.de\/rawa2016\/wp-content\/uploads\/2024\/09\/IMG-20240825-WA0011-461x1024.jpg 461w, https:\/\/rawa-kanu.de\/rawa2016\/wp-content\/uploads\/2024\/09\/IMG-20240825-WA0011-135x300.jpg 135w, https:\/\/rawa-kanu.de\/rawa2016\/wp-content\/uploads\/2024\/09\/IMG-20240825-WA0011-768x1708.jpg 768w, https:\/\/rawa-kanu.de\/rawa2016\/wp-content\/uploads\/2024\/09\/IMG-20240825-WA0011-691x1536.jpg 691w, https:\/\/rawa-kanu.de\/rawa2016\/wp-content\/uploads\/2024\/09\/IMG-20240825-WA0011.jpg 921w\" sizes=\"auto, (max-width: 461px) 100vw, 461px\" \/><\/a><\/figure>\n","protected":false},"excerpt":{"rendered":"<p>Am 25.08 fand der 5. Elbsee Slalom auf dem Elbsee&#8230; <\/p>\n","protected":false},"author":3,"featured_media":0,"comment_status":"closed","ping_status":"closed","sticky":false,"template":"","format":"standard","meta":{"footnotes":""},"categories":[1],"tags":[],"class_list":["post-2230","post","type-post","status-publish","format-standard","hentry","category-allgemein"],"_links":{"self":[{"href":"https:\/\/rawa-kanu.de\/rawa2016\/wp-json\/wp\/v2\/posts\/2230","targetHints":{"allow":["GET"]}}],"collection":[{"href":"https:\/\/rawa-kanu.de\/rawa2016\/wp-json\/wp\/v2\/posts"}],"about":[{"href":"https:\/\/rawa-kanu.de\/rawa2016\/wp-json\/wp\/v2\/types\/post"}],"author":[{"embeddable":true,"href":"https:\/\/rawa-kanu.de\/rawa2016\/wp-json\/wp\/v2\/users\/3"}],"replies":[{"embeddable":true,"href":"https:\/\/rawa-kanu.de\/rawa2016\/wp-json\/wp\/v2\/comments?post=2230"}],"version-history":[{"count":2,"href":"https:\/\/rawa-kanu.de\/rawa2016\/wp-json\/wp\/v2\/posts\/2230\/revisions"}],"predecessor-version":[{"id":2236,"href":"https:\/\/rawa-kanu.de\/rawa2016\/wp-json\/wp\/v2\/posts\/2230\/revisions\/2236"}],"wp:attachment":[{"href":"https:\/\/rawa-kanu.de\/rawa2016\/wp-json\/wp\/v2\/media?parent=2230"}],"wp:term":[{"taxonomy":"category","embeddable":true,"href":"https:\/\/rawa-kanu.de\/rawa2016\/wp-json\/wp\/v2\/categories?post=2230"},{"taxonomy":"post_tag","embeddable":true,"href":"https:\/\/rawa-kanu.de\/rawa2016\/wp-json\/wp\/v2\/tags?post=2230"}],"curies":[{"name":"wp","href":"https:\/\/api.w.org\/{rel}","templated":true}]}}