{"id":2217,"date":"2024-06-12T08:49:10","date_gmt":"2024-06-12T06:49:10","guid":{"rendered":"https:\/\/rawa-kanu.de\/rawa2016\/?p=2217"},"modified":"2024-06-12T08:49:11","modified_gmt":"2024-06-12T06:49:11","slug":"rawa-weiterhin-erfolgreich","status":"publish","type":"post","link":"https:\/\/rawa-kanu.de\/rawa2016\/2024\/06\/12\/rawa-weiterhin-erfolgreich\/","title":{"rendered":"RAWA weiterhin erfolgreich"},"content":{"rendered":"\n<p>Am Wochenende 08.\/09.06. fand an der Gnadentaler M\u00fchle in Neuss der zweite und erneut<br>erfolgreiche Wettkampf der Saison f\u00fcr die RaWa Sportler statt.<br>Trotz gesteigerter Aufregung aufgrund der Wasserverh\u00e4ltnisse auf der Erft konnten alle Teilnehmer<br>ihren Mut und ihre F\u00e4higkeiten in mindestens einem der zwei L\u00e4ufe unter Beweis stellen. Dies<br>spiegelte sich auch in den Ergebnissen wider: RaWa konnte drei Podestplatzierungen bei einer<br>Teilnehmerzahl von f\u00fcnf Sportlern erzielen!<br>Mats Neudorf belegte Platz 2 im Rennen U12,<br>Keke Neudorf belegte Platz 2 im Rennen U10,<br>Ilja Adrian belegte Platz 3 im Rennen U10,<br>Fiete Neudorf (U8) belegte Platz 4 im Rennen U10 und<br>Jan Felderhoff belegte Platz 14 im Rennen U14.<br>Gratulation an alle Sportler! Wir sind stolz auf Euch!<br>Und vielen Dank f\u00fcr jegliche Unterst\u00fctzung durch die Eltern.<br><\/p>\n\n\n\n<figure class=\"wp-block-image size-large\"><a href=\"https:\/\/rawa-kanu.de\/rawa2016\/wp-content\/uploads\/2024\/06\/IMG-20240609-WA0010.jpg\"><img loading=\"lazy\" decoding=\"async\" width=\"1024\" height=\"768\" src=\"https:\/\/rawa-kanu.de\/rawa2016\/wp-content\/uploads\/2024\/06\/IMG-20240609-WA0010-1024x768.jpg\" alt=\"\" class=\"wp-image-2218\" srcset=\"https:\/\/rawa-kanu.de\/rawa2016\/wp-content\/uploads\/2024\/06\/IMG-20240609-WA0010-1024x768.jpg 1024w, https:\/\/rawa-kanu.de\/rawa2016\/wp-content\/uploads\/2024\/06\/IMG-20240609-WA0010-300x225.jpg 300w, https:\/\/rawa-kanu.de\/rawa2016\/wp-content\/uploads\/2024\/06\/IMG-20240609-WA0010-768x576.jpg 768w, https:\/\/rawa-kanu.de\/rawa2016\/wp-content\/uploads\/2024\/06\/IMG-20240609-WA0010-1536x1152.jpg 1536w, https:\/\/rawa-kanu.de\/rawa2016\/wp-content\/uploads\/2024\/06\/IMG-20240609-WA0010.jpg 1600w\" sizes=\"auto, (max-width: 1024px) 100vw, 1024px\" \/><\/a><\/figure>\n\n\n\n<p><\/p>\n\n\n\n<figure class=\"wp-block-image size-large\"><a href=\"https:\/\/rawa-kanu.de\/rawa2016\/wp-content\/uploads\/2024\/06\/IMG-20240609-WA0012.jpg\"><img loading=\"lazy\" decoding=\"async\" width=\"1024\" height=\"768\" src=\"https:\/\/rawa-kanu.de\/rawa2016\/wp-content\/uploads\/2024\/06\/IMG-20240609-WA0012-1024x768.jpg\" alt=\"\" class=\"wp-image-2219\" srcset=\"https:\/\/rawa-kanu.de\/rawa2016\/wp-content\/uploads\/2024\/06\/IMG-20240609-WA0012-1024x768.jpg 1024w, https:\/\/rawa-kanu.de\/rawa2016\/wp-content\/uploads\/2024\/06\/IMG-20240609-WA0012-300x225.jpg 300w, https:\/\/rawa-kanu.de\/rawa2016\/wp-content\/uploads\/2024\/06\/IMG-20240609-WA0012-768x576.jpg 768w, https:\/\/rawa-kanu.de\/rawa2016\/wp-content\/uploads\/2024\/06\/IMG-20240609-WA0012-1536x1152.jpg 1536w, https:\/\/rawa-kanu.de\/rawa2016\/wp-content\/uploads\/2024\/06\/IMG-20240609-WA0012.jpg 1600w\" sizes=\"auto, (max-width: 1024px) 100vw, 1024px\" \/><\/a><\/figure>\n\n\n\n<p><\/p>\n\n\n\n<figure class=\"wp-block-image size-large\"><a href=\"https:\/\/rawa-kanu.de\/rawa2016\/wp-content\/uploads\/2024\/06\/IMG-20240611-WA0004.jpg\"><img loading=\"lazy\" decoding=\"async\" width=\"768\" height=\"1024\" src=\"https:\/\/rawa-kanu.de\/rawa2016\/wp-content\/uploads\/2024\/06\/IMG-20240611-WA0004-768x1024.jpg\" alt=\"\" class=\"wp-image-2220\" srcset=\"https:\/\/rawa-kanu.de\/rawa2016\/wp-content\/uploads\/2024\/06\/IMG-20240611-WA0004-768x1024.jpg 768w, https:\/\/rawa-kanu.de\/rawa2016\/wp-content\/uploads\/2024\/06\/IMG-20240611-WA0004-225x300.jpg 225w, https:\/\/rawa-kanu.de\/rawa2016\/wp-content\/uploads\/2024\/06\/IMG-20240611-WA0004-1152x1536.jpg 1152w, https:\/\/rawa-kanu.de\/rawa2016\/wp-content\/uploads\/2024\/06\/IMG-20240611-WA0004.jpg 1536w\" sizes=\"auto, (max-width: 768px) 100vw, 768px\" \/><\/a><\/figure>\n","protected":false},"excerpt":{"rendered":"<p>Am Wochenende 08.\/09.06. fand an der Gnadentaler M\u00fchle in Neuss&#8230; <\/p>\n","protected":false},"author":3,"featured_media":0,"comment_status":"closed","ping_status":"closed","sticky":false,"template":"","format":"standard","meta":{"footnotes":""},"categories":[1],"tags":[],"class_list":["post-2217","post","type-post","status-publish","format-standard","hentry","category-allgemein"],"_links":{"self":[{"href":"https:\/\/rawa-kanu.de\/rawa2016\/wp-json\/wp\/v2\/posts\/2217","targetHints":{"allow":["GET"]}}],"collection":[{"href":"https:\/\/rawa-kanu.de\/rawa2016\/wp-json\/wp\/v2\/posts"}],"about":[{"href":"https:\/\/rawa-kanu.de\/rawa2016\/wp-json\/wp\/v2\/types\/post"}],"author":[{"embeddable":true,"href":"https:\/\/rawa-kanu.de\/rawa2016\/wp-json\/wp\/v2\/users\/3"}],"replies":[{"embeddable":true,"href":"https:\/\/rawa-kanu.de\/rawa2016\/wp-json\/wp\/v2\/comments?post=2217"}],"version-history":[{"count":1,"href":"https:\/\/rawa-kanu.de\/rawa2016\/wp-json\/wp\/v2\/posts\/2217\/revisions"}],"predecessor-version":[{"id":2221,"href":"https:\/\/rawa-kanu.de\/rawa2016\/wp-json\/wp\/v2\/posts\/2217\/revisions\/2221"}],"wp:attachment":[{"href":"https:\/\/rawa-kanu.de\/rawa2016\/wp-json\/wp\/v2\/media?parent=2217"}],"wp:term":[{"taxonomy":"category","embeddable":true,"href":"https:\/\/rawa-kanu.de\/rawa2016\/wp-json\/wp\/v2\/categories?post=2217"},{"taxonomy":"post_tag","embeddable":true,"href":"https:\/\/rawa-kanu.de\/rawa2016\/wp-json\/wp\/v2\/tags?post=2217"}],"curies":[{"name":"wp","href":"https:\/\/api.w.org\/{rel}","templated":true}]}}