{"id":2199,"date":"2024-05-30T10:00:09","date_gmt":"2024-05-30T08:00:09","guid":{"rendered":"https:\/\/rawa-kanu.de\/rawa2016\/?p=2199"},"modified":"2024-05-30T10:08:26","modified_gmt":"2024-05-30T08:08:26","slug":"vereinsmeisterschaft-2024","status":"publish","type":"post","link":"https:\/\/rawa-kanu.de\/rawa2016\/2024\/05\/30\/vereinsmeisterschaft-2024\/","title":{"rendered":"Vereinsmeisterschaft 2024"},"content":{"rendered":"\n<p><\/p>\n\n\n\n<p>Die Vereinsmeisterschaft fand in diesem Jahr am Pfingstsamstag 18.05.2024 statt. Das Wetter war besser als gedacht und alle Teilnehmer waren top motiviert. Insgesamt nahmen sechs RAWA- Slalomsportler (m\u00e4nnlichen K1 Sch\u00fcler U&nbsp;6 \u2013 U&nbsp;14) sowie elf RAWA-Vereinsmitglieder (K1 Slalomrennen Mixed \/ Spa\u00dfrennen), bestehend aus ehemaligen Slalomfahrern, Wildwasserfahrern, Wanderfahrern und Eltern, teil. Gro\u00df und Klein hatten jede Menge Spa\u00df und konnten ihr K\u00f6nnen unter Beweis stellen. Bei den m\u00e4nnlichen Sch\u00fclern K1 U&nbsp;6 \u2013 U&nbsp;14 konnte Jan Felderhoff den Vereinsmeistertitel ergattern. Im K1 Mixed Spa\u00dfrennen belegte Niklas Hilmes den ersten Platz. Untenstehend die Ergebnisse der beiden Rennen:<\/p>\n\n\n\n<figure class=\"wp-block-table\"><table><tbody><tr><td><strong>Platzierung<\/strong><\/td><td><strong>Teilnehmer<\/strong><\/td><td colspan=\"3\"><strong>Bester Lauf<\/strong><\/td><\/tr><tr><td><br><\/td><td><br><\/td><td><strong>Strafsekunden<\/strong><\/td><td><strong>Zeit<\/strong><\/td><td><strong>Gesamtzeit<\/strong><\/td><\/tr><tr><td><strong>1<\/strong><\/td><td>Jan Felderhoff (U&nbsp;14)<\/td><td>4<\/td><td>1:15,60<\/td><td><strong>1:19,60<\/strong><\/td><\/tr><tr><td><strong>2<\/strong><\/td><td>Mats Neudorf (U&nbsp;12)<\/td><td>6<\/td><td>1:17,51<\/td><td><strong>1:23,51<\/strong><\/td><\/tr><tr><td><strong>3<\/strong><\/td><td>Keke Neudorf (U&nbsp;10)<\/td><td>4<\/td><td>1:30,26<\/td><td><strong>1:34,26<\/strong><\/td><\/tr><tr><td><strong>4<\/strong><\/td><td>Ilja Adrian (U&nbsp;10)<\/td><td>6<\/td><td>1:42,51<\/td><td><strong>1:48,51<\/strong><\/td><\/tr><tr><td><strong>5<\/strong><\/td><td>Fiete Neudorf (U&nbsp;8)<\/td><td>2<\/td><td>1:46,87<\/td><td><strong>1:48,87<\/strong><\/td><\/tr><tr><td><strong>6<\/strong><\/td><td>Jonne Neudorf (U&nbsp;6)<\/td><td>16<\/td><td>4:48,11<\/td><td><strong>5:04,11<\/strong><\/td><\/tr><\/tbody><\/table><\/figure>\n\n\n\n<figure class=\"wp-block-table\"><table><tbody><tr><td><strong>Platzierung<\/strong><\/td><td><strong>Teilnehmer<\/strong><\/td><td><strong>Strafsekunden<\/strong><\/td><td><strong>Zeit<\/strong><\/td><td><strong>Gesamtzeit<\/strong><\/td><\/tr><tr><td><strong>1<\/strong><\/td><td>Niklas Hilmes<\/td><td>0<\/td><td>1:02,64<\/td><td><strong>1:02,64<\/strong><\/td><\/tr><tr><td><strong>2<\/strong><\/td><td>Britta Engbring<\/td><td>0<\/td><td>1:05,70<\/td><td><strong>1:05,70<\/strong><\/td><\/tr><tr><td><strong>3<\/strong><\/td><td>Kerstin Engbring<\/td><td>2<\/td><td>1:10,08<\/td><td><strong>1:12,08<\/strong><\/td><\/tr><tr><td><strong>4<\/strong><\/td><td>Karl Engbring<\/td><td>2<\/td><td>1:14,08<\/td><td><strong>1:16,08<\/strong><\/td><\/tr><tr><td><strong>5<\/strong><\/td><td>Jens Feifer<\/td><td>0<\/td><td>1:19,95<\/td><td><strong>1:19,95<\/strong><\/td><\/tr><tr><td><strong>6<\/strong><\/td><td>Martin Neudorf<\/td><td>0<\/td><td>1:26,11<\/td><td><strong>1:26,11<\/strong><\/td><\/tr><tr><td><strong>7<\/strong><\/td><td>Rainer Felderhoff<\/td><td>2<\/td><td>1:34,93<\/td><td><strong>1:36,93<\/strong><\/td><\/tr><tr><td><strong>8<\/strong><\/td><td>Raphael Feifer<\/td><td>6<\/td><td>1:31,20<\/td><td><strong>1:37,20<\/strong><\/td><\/tr><tr><td><strong>9<\/strong><\/td><td>Lennart Leich<\/td><td>2<\/td><td>1:39,33<\/td><td><strong>1:41,33<\/strong><\/td><\/tr><tr><td><strong>10<\/strong><\/td><td>Denis Adrian<\/td><td>12<\/td><td>2:06,09<\/td><td><strong>2:18,09<\/strong><\/td><\/tr><tr><td><strong>11<\/strong><\/td><td>Uli Stoll<\/td><td>60<\/td><td>1:24,58<\/td><td><strong>2:24,58<\/strong><\/td><\/tr><\/tbody><\/table><\/figure>\n\n\n\n<p>Im Anschluss an die Siegerehrung wurden die neu angeschafften Vereinsboote getauft. Danach sa\u00dfen alle in gem\u00fctlicher Runde bei Kaffee und frischen Waffeln beisammen. Vielen Dank an alle Teilnehmer und Helfer zur Mitgestaltung der Vereinsmeisterschaft! &#x1f60a;<br><br><\/p>\n\n\n\n<figure class=\"wp-block-image size-large\"><a href=\"https:\/\/rawa-kanu.de\/rawa2016\/wp-content\/uploads\/2024\/05\/94web-Wettkampf.jpg\"><img loading=\"lazy\" decoding=\"async\" width=\"1024\" height=\"793\" src=\"https:\/\/rawa-kanu.de\/rawa2016\/wp-content\/uploads\/2024\/05\/94web-Wettkampf-1024x793.jpg\" alt=\"\" class=\"wp-image-2202\" srcset=\"https:\/\/rawa-kanu.de\/rawa2016\/wp-content\/uploads\/2024\/05\/94web-Wettkampf-1024x793.jpg 1024w, https:\/\/rawa-kanu.de\/rawa2016\/wp-content\/uploads\/2024\/05\/94web-Wettkampf-300x232.jpg 300w, https:\/\/rawa-kanu.de\/rawa2016\/wp-content\/uploads\/2024\/05\/94web-Wettkampf-768x594.jpg 768w, https:\/\/rawa-kanu.de\/rawa2016\/wp-content\/uploads\/2024\/05\/94web-Wettkampf.jpg 1226w\" sizes=\"auto, (max-width: 1024px) 100vw, 1024px\" \/><\/a><\/figure>\n\n\n\n<p><\/p>\n\n\n\n<figure class=\"wp-block-image size-large\"><a href=\"https:\/\/rawa-kanu.de\/rawa2016\/wp-content\/uploads\/2024\/05\/7web-Wettkampf.jpg\"><img loading=\"lazy\" decoding=\"async\" width=\"1024\" height=\"742\" src=\"https:\/\/rawa-kanu.de\/rawa2016\/wp-content\/uploads\/2024\/05\/7web-Wettkampf-1024x742.jpg\" alt=\"\" class=\"wp-image-2203\" srcset=\"https:\/\/rawa-kanu.de\/rawa2016\/wp-content\/uploads\/2024\/05\/7web-Wettkampf-1024x742.jpg 1024w, https:\/\/rawa-kanu.de\/rawa2016\/wp-content\/uploads\/2024\/05\/7web-Wettkampf-300x217.jpg 300w, https:\/\/rawa-kanu.de\/rawa2016\/wp-content\/uploads\/2024\/05\/7web-Wettkampf-768x556.jpg 768w, https:\/\/rawa-kanu.de\/rawa2016\/wp-content\/uploads\/2024\/05\/7web-Wettkampf.jpg 1074w\" sizes=\"auto, (max-width: 1024px) 100vw, 1024px\" \/><\/a><\/figure>\n\n\n\n<p><\/p>\n\n\n\n<figure class=\"wp-block-image size-large\"><a href=\"https:\/\/rawa-kanu.de\/rawa2016\/wp-content\/uploads\/2024\/05\/IMG-20240518-WA0009-2.jpg\"><img loading=\"lazy\" decoding=\"async\" width=\"771\" height=\"1024\" src=\"https:\/\/rawa-kanu.de\/rawa2016\/wp-content\/uploads\/2024\/05\/IMG-20240518-WA0009-2-771x1024.jpg\" alt=\"\" class=\"wp-image-2204\" srcset=\"https:\/\/rawa-kanu.de\/rawa2016\/wp-content\/uploads\/2024\/05\/IMG-20240518-WA0009-2-771x1024.jpg 771w, https:\/\/rawa-kanu.de\/rawa2016\/wp-content\/uploads\/2024\/05\/IMG-20240518-WA0009-2-226x300.jpg 226w, https:\/\/rawa-kanu.de\/rawa2016\/wp-content\/uploads\/2024\/05\/IMG-20240518-WA0009-2-768x1020.jpg 768w, https:\/\/rawa-kanu.de\/rawa2016\/wp-content\/uploads\/2024\/05\/IMG-20240518-WA0009-2-1157x1536.jpg 1157w, https:\/\/rawa-kanu.de\/rawa2016\/wp-content\/uploads\/2024\/05\/IMG-20240518-WA0009-2.jpg 1536w\" sizes=\"auto, (max-width: 771px) 100vw, 771px\" \/><\/a><\/figure>\n\n\n\n<p><\/p>\n\n\n\n<figure class=\"wp-block-image size-large\"><a href=\"https:\/\/rawa-kanu.de\/rawa2016\/wp-content\/uploads\/2024\/05\/2web-Bootstaufe.jpg\"><img loading=\"lazy\" decoding=\"async\" width=\"768\" height=\"1024\" src=\"https:\/\/rawa-kanu.de\/rawa2016\/wp-content\/uploads\/2024\/05\/2web-Bootstaufe-768x1024.jpg\" alt=\"\" class=\"wp-image-2205\" srcset=\"https:\/\/rawa-kanu.de\/rawa2016\/wp-content\/uploads\/2024\/05\/2web-Bootstaufe-768x1024.jpg 768w, https:\/\/rawa-kanu.de\/rawa2016\/wp-content\/uploads\/2024\/05\/2web-Bootstaufe-225x300.jpg 225w, https:\/\/rawa-kanu.de\/rawa2016\/wp-content\/uploads\/2024\/05\/2web-Bootstaufe-1152x1536.jpg 1152w, https:\/\/rawa-kanu.de\/rawa2016\/wp-content\/uploads\/2024\/05\/2web-Bootstaufe.jpg 1387w\" sizes=\"auto, (max-width: 768px) 100vw, 768px\" \/><\/a><\/figure>\n\n\n\n<p><\/p>\n\n\n\n<figure class=\"wp-block-image size-large\"><a href=\"https:\/\/rawa-kanu.de\/rawa2016\/wp-content\/uploads\/2024\/05\/6web-Grillen.jpg\"><img loading=\"lazy\" decoding=\"async\" width=\"1024\" height=\"768\" src=\"https:\/\/rawa-kanu.de\/rawa2016\/wp-content\/uploads\/2024\/05\/6web-Grillen-1024x768.jpg\" alt=\"\" class=\"wp-image-2206\" srcset=\"https:\/\/rawa-kanu.de\/rawa2016\/wp-content\/uploads\/2024\/05\/6web-Grillen-1024x768.jpg 1024w, https:\/\/rawa-kanu.de\/rawa2016\/wp-content\/uploads\/2024\/05\/6web-Grillen-300x225.jpg 300w, https:\/\/rawa-kanu.de\/rawa2016\/wp-content\/uploads\/2024\/05\/6web-Grillen-768x576.jpg 768w, https:\/\/rawa-kanu.de\/rawa2016\/wp-content\/uploads\/2024\/05\/6web-Grillen-1536x1152.jpg 1536w, https:\/\/rawa-kanu.de\/rawa2016\/wp-content\/uploads\/2024\/05\/6web-Grillen.jpg 1849w\" sizes=\"auto, (max-width: 1024px) 100vw, 1024px\" \/><\/a><\/figure>\n\n\n\n<p><\/p>\n\n\n\n<figure class=\"wp-block-image size-large\"><a href=\"https:\/\/rawa-kanu.de\/rawa2016\/wp-content\/uploads\/2024\/05\/IMG_20240521_120851_669.jpg\"><img loading=\"lazy\" decoding=\"async\" width=\"1024\" height=\"462\" src=\"https:\/\/rawa-kanu.de\/rawa2016\/wp-content\/uploads\/2024\/05\/IMG_20240521_120851_669-1024x462.jpg\" alt=\"\" class=\"wp-image-2207\" srcset=\"https:\/\/rawa-kanu.de\/rawa2016\/wp-content\/uploads\/2024\/05\/IMG_20240521_120851_669-1024x462.jpg 1024w, https:\/\/rawa-kanu.de\/rawa2016\/wp-content\/uploads\/2024\/05\/IMG_20240521_120851_669-300x135.jpg 300w, https:\/\/rawa-kanu.de\/rawa2016\/wp-content\/uploads\/2024\/05\/IMG_20240521_120851_669-768x346.jpg 768w, https:\/\/rawa-kanu.de\/rawa2016\/wp-content\/uploads\/2024\/05\/IMG_20240521_120851_669.jpg 1280w\" sizes=\"auto, (max-width: 1024px) 100vw, 1024px\" \/><\/a><\/figure>\n","protected":false},"excerpt":{"rendered":"<p>Die Vereinsmeisterschaft fand in diesem Jahr am Pfingstsamstag 18.05.2024 statt&#8230;. <\/p>\n","protected":false},"author":3,"featured_media":0,"comment_status":"closed","ping_status":"closed","sticky":false,"template":"","format":"standard","meta":{"footnotes":""},"categories":[1],"tags":[],"class_list":["post-2199","post","type-post","status-publish","format-standard","hentry","category-allgemein"],"_links":{"self":[{"href":"https:\/\/rawa-kanu.de\/rawa2016\/wp-json\/wp\/v2\/posts\/2199","targetHints":{"allow":["GET"]}}],"collection":[{"href":"https:\/\/rawa-kanu.de\/rawa2016\/wp-json\/wp\/v2\/posts"}],"about":[{"href":"https:\/\/rawa-kanu.de\/rawa2016\/wp-json\/wp\/v2\/types\/post"}],"author":[{"embeddable":true,"href":"https:\/\/rawa-kanu.de\/rawa2016\/wp-json\/wp\/v2\/users\/3"}],"replies":[{"embeddable":true,"href":"https:\/\/rawa-kanu.de\/rawa2016\/wp-json\/wp\/v2\/comments?post=2199"}],"version-history":[{"count":3,"href":"https:\/\/rawa-kanu.de\/rawa2016\/wp-json\/wp\/v2\/posts\/2199\/revisions"}],"predecessor-version":[{"id":2211,"href":"https:\/\/rawa-kanu.de\/rawa2016\/wp-json\/wp\/v2\/posts\/2199\/revisions\/2211"}],"wp:attachment":[{"href":"https:\/\/rawa-kanu.de\/rawa2016\/wp-json\/wp\/v2\/media?parent=2199"}],"wp:term":[{"taxonomy":"category","embeddable":true,"href":"https:\/\/rawa-kanu.de\/rawa2016\/wp-json\/wp\/v2\/categories?post=2199"},{"taxonomy":"post_tag","embeddable":true,"href":"https:\/\/rawa-kanu.de\/rawa2016\/wp-json\/wp\/v2\/tags?post=2199"}],"curies":[{"name":"wp","href":"https:\/\/api.w.org\/{rel}","templated":true}]}}