{"id":2160,"date":"2024-03-24T12:39:42","date_gmt":"2024-03-24T11:39:42","guid":{"rendered":"https:\/\/rawa-kanu.de\/rawa2016\/?p=2160"},"modified":"2024-03-24T12:39:43","modified_gmt":"2024-03-24T11:39:43","slug":"saisonstart-2024-bei-schoenem-wetter","status":"publish","type":"post","link":"https:\/\/rawa-kanu.de\/rawa2016\/2024\/03\/24\/saisonstart-2024-bei-schoenem-wetter\/","title":{"rendered":"Saisonstart 2024 bei sch\u00f6nem Wetter"},"content":{"rendered":"\n<p>Die in diesem Winter oft hohen Wasserpegel und das damit einhergehende Paddelverbot auf Ruhr<br>und See hat uns Paddler*innen f\u00fcr eine lange Zeit erheblich eingeschr\u00e4nkt. Umso mehr haben wir<br>uns gefreut, dass am 10.03.2024 das Bezirksanpaddeln von RAWA nach EFF nicht nur bei normalem<br>Pegelstand, sondern auch noch bei sch\u00f6nem Wetter mit Sonnenschein stattfinden konnte.<br>Aus dem Bezirk 8 waren 15 Vereine dabei, dazu kamen noch Paddler*innen aus Duisburg, D\u00fcsseldorf und<br>Dortmund. Mit 155 Teilnehmern war es eine gut besuchte Veranstaltung.<br>Von RAWA war eine gro\u00dfe Gruppe von 20 Leuten vertreten, dazu gesellten sich noch 2 Slalomfahrer und die beiden Trainerinnen sowie 2 V\u00e4ter, die die Fahrt bis Haus Scheppen und zur\u00fcck als Trainingsfahrt nutzten.<br>Bei EFF konnte man die Pause bei Getr\u00e4nken und Kuchen oder Suppe sogar drau\u00dfen im<br>Sonnenschein genie\u00dfen. Zur\u00fcck bei RAWA sa\u00dfen wir noch gem\u00fctlich zusammen am Stammtisch und<br>lie\u00dfen den Tag ausklingen.<br>Am folgenden Samstag, den 16.03.2024 war eine Vereinsfahrt zur S\u00fclz angedacht. F\u00fcnf \u00e4ltere<br>Semester machten sich fr\u00fch morgens auf den Weg nach Untereschbach. Ein Auto wurde dann am<br>Zielpunkt KC Delphin Siegburg an der Agger abgestellt. Die S\u00fclz wurde von Untereschbach bis zur<br>M\u00fcndung in die Agger (15 km) gepaddelt, anschlie\u00dfend ging es auf der Agger (6 km) weiter bis<br>Siegburg. Der Wasserstand war gut, das Wetter spielte mit und die Akteure meisterten alle Wehre<br>und Schw\u00e4lle &#8211; nat\u00fcrlich ohne Kenterung.<\/p>\n\n\n\n<figure class=\"wp-block-image size-large\"><a href=\"https:\/\/rawa-kanu.de\/rawa2016\/wp-content\/uploads\/2024\/03\/20240316_210215-scaled.jpg\"><img loading=\"lazy\" decoding=\"async\" width=\"1024\" height=\"1024\" src=\"https:\/\/rawa-kanu.de\/rawa2016\/wp-content\/uploads\/2024\/03\/20240316_210215-1024x1024.jpg\" alt=\"\" class=\"wp-image-2161\" srcset=\"https:\/\/rawa-kanu.de\/rawa2016\/wp-content\/uploads\/2024\/03\/20240316_210215-1024x1024.jpg 1024w, https:\/\/rawa-kanu.de\/rawa2016\/wp-content\/uploads\/2024\/03\/20240316_210215-300x300.jpg 300w, https:\/\/rawa-kanu.de\/rawa2016\/wp-content\/uploads\/2024\/03\/20240316_210215-150x150.jpg 150w, https:\/\/rawa-kanu.de\/rawa2016\/wp-content\/uploads\/2024\/03\/20240316_210215-768x768.jpg 768w, https:\/\/rawa-kanu.de\/rawa2016\/wp-content\/uploads\/2024\/03\/20240316_210215-1536x1536.jpg 1536w, https:\/\/rawa-kanu.de\/rawa2016\/wp-content\/uploads\/2024\/03\/20240316_210215-2048x2048.jpg 2048w\" sizes=\"auto, (max-width: 1024px) 100vw, 1024px\" \/><\/a><\/figure>\n\n\n\n<figure class=\"wp-block-image size-large\"><a href=\"https:\/\/rawa-kanu.de\/rawa2016\/wp-content\/uploads\/2024\/03\/20240316_210950-scaled.jpg\"><img loading=\"lazy\" decoding=\"async\" width=\"1024\" height=\"1024\" src=\"https:\/\/rawa-kanu.de\/rawa2016\/wp-content\/uploads\/2024\/03\/20240316_210950-1024x1024.jpg\" alt=\"\" class=\"wp-image-2162\" srcset=\"https:\/\/rawa-kanu.de\/rawa2016\/wp-content\/uploads\/2024\/03\/20240316_210950-1024x1024.jpg 1024w, https:\/\/rawa-kanu.de\/rawa2016\/wp-content\/uploads\/2024\/03\/20240316_210950-300x300.jpg 300w, https:\/\/rawa-kanu.de\/rawa2016\/wp-content\/uploads\/2024\/03\/20240316_210950-150x150.jpg 150w, https:\/\/rawa-kanu.de\/rawa2016\/wp-content\/uploads\/2024\/03\/20240316_210950-768x768.jpg 768w, https:\/\/rawa-kanu.de\/rawa2016\/wp-content\/uploads\/2024\/03\/20240316_210950-1536x1536.jpg 1536w, https:\/\/rawa-kanu.de\/rawa2016\/wp-content\/uploads\/2024\/03\/20240316_210950-2048x2048.jpg 2048w\" sizes=\"auto, (max-width: 1024px) 100vw, 1024px\" \/><\/a><\/figure>\n","protected":false},"excerpt":{"rendered":"<p>Die in diesem Winter oft hohen Wasserpegel und das damit&#8230; <\/p>\n","protected":false},"author":3,"featured_media":0,"comment_status":"closed","ping_status":"closed","sticky":false,"template":"","format":"standard","meta":{"footnotes":""},"categories":[1],"tags":[],"class_list":["post-2160","post","type-post","status-publish","format-standard","hentry","category-allgemein"],"_links":{"self":[{"href":"https:\/\/rawa-kanu.de\/rawa2016\/wp-json\/wp\/v2\/posts\/2160","targetHints":{"allow":["GET"]}}],"collection":[{"href":"https:\/\/rawa-kanu.de\/rawa2016\/wp-json\/wp\/v2\/posts"}],"about":[{"href":"https:\/\/rawa-kanu.de\/rawa2016\/wp-json\/wp\/v2\/types\/post"}],"author":[{"embeddable":true,"href":"https:\/\/rawa-kanu.de\/rawa2016\/wp-json\/wp\/v2\/users\/3"}],"replies":[{"embeddable":true,"href":"https:\/\/rawa-kanu.de\/rawa2016\/wp-json\/wp\/v2\/comments?post=2160"}],"version-history":[{"count":1,"href":"https:\/\/rawa-kanu.de\/rawa2016\/wp-json\/wp\/v2\/posts\/2160\/revisions"}],"predecessor-version":[{"id":2163,"href":"https:\/\/rawa-kanu.de\/rawa2016\/wp-json\/wp\/v2\/posts\/2160\/revisions\/2163"}],"wp:attachment":[{"href":"https:\/\/rawa-kanu.de\/rawa2016\/wp-json\/wp\/v2\/media?parent=2160"}],"wp:term":[{"taxonomy":"category","embeddable":true,"href":"https:\/\/rawa-kanu.de\/rawa2016\/wp-json\/wp\/v2\/categories?post=2160"},{"taxonomy":"post_tag","embeddable":true,"href":"https:\/\/rawa-kanu.de\/rawa2016\/wp-json\/wp\/v2\/tags?post=2160"}],"curies":[{"name":"wp","href":"https:\/\/api.w.org\/{rel}","templated":true}]}}