{"id":1971,"date":"2023-07-09T23:09:42","date_gmt":"2023-07-09T21:09:42","guid":{"rendered":"https:\/\/rawa-kanu.de\/rawa2016\/?p=1971"},"modified":"2023-07-09T23:09:43","modified_gmt":"2023-07-09T21:09:43","slug":"4-elbsee-nachwuchsslalom-in-hilden","status":"publish","type":"post","link":"https:\/\/rawa-kanu.de\/rawa2016\/2023\/07\/09\/4-elbsee-nachwuchsslalom-in-hilden\/","title":{"rendered":"4. Elbsee-Nachwuchsslalom in Hilden"},"content":{"rendered":"\n<p>Kurz vor den Sommerferien ging es noch einmal sportlich spannend zur Sache. Am 18.06.2023 nahm das RAWA-Slalomteam mit neun weiteren NRW-Vereinen am 4. Elbsee-Nachwuchsslalom in Hilden teil. Die Regatta wird ausschlie\u00dflich f\u00fcr Sch\u00fcler ausgerichtet.<\/p>\n\n\n\n<p>Der Wettkampftag begann mit einem Training auf der Slalomstrecke des Elbsees, bei dem gemeinsam mit der Trainerin die beste Fahrt durch die Tore ausgearbeitet wurde.<\/p>\n\n\n\n<p>Nach einer Pause startete der Wettkampf am fr\u00fchen Mittag. Erstmalig mit dabei, Ilja Adrian, der bei den m\u00e4nnlichen Sch\u00fclern K1 \u2013 U10 einen hervorragenden 1. und 2. Lauf absolvierte und den 7.Platz erreichen konnte.<\/p>\n\n\n\n<figure class=\"wp-block-image size-large\"><a href=\"https:\/\/rawa-kanu.de\/rawa2016\/wp-content\/uploads\/2023\/07\/2.-Ilja-Adrian-bei-der-Zieleinfahrt.jpeg\"><img loading=\"lazy\" decoding=\"async\" width=\"771\" height=\"1024\" src=\"https:\/\/rawa-kanu.de\/rawa2016\/wp-content\/uploads\/2023\/07\/2.-Ilja-Adrian-bei-der-Zieleinfahrt-771x1024.jpeg\" alt=\"\" class=\"wp-image-1973\" srcset=\"https:\/\/rawa-kanu.de\/rawa2016\/wp-content\/uploads\/2023\/07\/2.-Ilja-Adrian-bei-der-Zieleinfahrt-771x1024.jpeg 771w, https:\/\/rawa-kanu.de\/rawa2016\/wp-content\/uploads\/2023\/07\/2.-Ilja-Adrian-bei-der-Zieleinfahrt-226x300.jpeg 226w, https:\/\/rawa-kanu.de\/rawa2016\/wp-content\/uploads\/2023\/07\/2.-Ilja-Adrian-bei-der-Zieleinfahrt-768x1021.jpeg 768w, https:\/\/rawa-kanu.de\/rawa2016\/wp-content\/uploads\/2023\/07\/2.-Ilja-Adrian-bei-der-Zieleinfahrt-1156x1536.jpeg 1156w, https:\/\/rawa-kanu.de\/rawa2016\/wp-content\/uploads\/2023\/07\/2.-Ilja-Adrian-bei-der-Zieleinfahrt.jpeg 1204w\" sizes=\"auto, (max-width: 771px) 100vw, 771px\" \/><\/a><figcaption class=\"wp-element-caption\">Ilja Adrian bei der Zieleinfahrt<\/figcaption><\/figure>\n\n\n\n<p>Sein Teamkollege und Mitkonkurrent Fiete Neudorf erreichte den 10.Platz von insgesamt 17 Teilnehmern.<\/p>\n\n\n\n<figure class=\"wp-block-image size-large\"><a href=\"https:\/\/rawa-kanu.de\/rawa2016\/wp-content\/uploads\/2023\/07\/1.-Fiete-Neudorf-bei-der-Anfahrt-auf-das-Tor-Nr.-2.jpeg\"><img loading=\"lazy\" decoding=\"async\" width=\"771\" height=\"1024\" src=\"https:\/\/rawa-kanu.de\/rawa2016\/wp-content\/uploads\/2023\/07\/1.-Fiete-Neudorf-bei-der-Anfahrt-auf-das-Tor-Nr.-2-771x1024.jpeg\" alt=\"\" class=\"wp-image-1972\" srcset=\"https:\/\/rawa-kanu.de\/rawa2016\/wp-content\/uploads\/2023\/07\/1.-Fiete-Neudorf-bei-der-Anfahrt-auf-das-Tor-Nr.-2-771x1024.jpeg 771w, https:\/\/rawa-kanu.de\/rawa2016\/wp-content\/uploads\/2023\/07\/1.-Fiete-Neudorf-bei-der-Anfahrt-auf-das-Tor-Nr.-2-226x300.jpeg 226w, https:\/\/rawa-kanu.de\/rawa2016\/wp-content\/uploads\/2023\/07\/1.-Fiete-Neudorf-bei-der-Anfahrt-auf-das-Tor-Nr.-2-768x1021.jpeg 768w, https:\/\/rawa-kanu.de\/rawa2016\/wp-content\/uploads\/2023\/07\/1.-Fiete-Neudorf-bei-der-Anfahrt-auf-das-Tor-Nr.-2-1156x1536.jpeg 1156w, https:\/\/rawa-kanu.de\/rawa2016\/wp-content\/uploads\/2023\/07\/1.-Fiete-Neudorf-bei-der-Anfahrt-auf-das-Tor-Nr.-2.jpeg 1204w\" sizes=\"auto, (max-width: 771px) 100vw, 771px\" \/><\/a><figcaption class=\"wp-element-caption\">Fiete Neudorf bei der Anfahrt auf das Tor Nr. 2<\/figcaption><\/figure>\n\n\n\n<p>Im Rennen der m\u00e4nnlichen Sch\u00fcler K1 \u2013 U12 belegte Mats Neudorf einen souver\u00e4nen 5.Platz und konnte sich damit gegen 9 weitere Konkurrenten behaupten.<\/p>\n\n\n\n<figure class=\"wp-block-image size-large\"><a href=\"https:\/\/rawa-kanu.de\/rawa2016\/wp-content\/uploads\/2023\/07\/3.-Mats-Neudorf-im-Aufwaertstor-Nr.-2.jpeg\"><img loading=\"lazy\" decoding=\"async\" width=\"768\" height=\"1024\" src=\"https:\/\/rawa-kanu.de\/rawa2016\/wp-content\/uploads\/2023\/07\/3.-Mats-Neudorf-im-Aufwaertstor-Nr.-2-768x1024.jpeg\" alt=\"\" class=\"wp-image-1974\" srcset=\"https:\/\/rawa-kanu.de\/rawa2016\/wp-content\/uploads\/2023\/07\/3.-Mats-Neudorf-im-Aufwaertstor-Nr.-2-768x1024.jpeg 768w, https:\/\/rawa-kanu.de\/rawa2016\/wp-content\/uploads\/2023\/07\/3.-Mats-Neudorf-im-Aufwaertstor-Nr.-2-225x300.jpeg 225w, https:\/\/rawa-kanu.de\/rawa2016\/wp-content\/uploads\/2023\/07\/3.-Mats-Neudorf-im-Aufwaertstor-Nr.-2-1152x1536.jpeg 1152w, https:\/\/rawa-kanu.de\/rawa2016\/wp-content\/uploads\/2023\/07\/3.-Mats-Neudorf-im-Aufwaertstor-Nr.-2.jpeg 1200w\" sizes=\"auto, (max-width: 768px) 100vw, 768px\" \/><\/a><figcaption class=\"wp-element-caption\">Mats Neudorf im Aufw\u00e4rtstor Nr. 2<\/figcaption><\/figure>\n\n\n\n<p>Jan Felderhoff konnte im Startfeld der \u00e4ltesten, m\u00e4nnlichen Sch\u00fclern K1 \u2013 U14 sein K\u00f6nnen unter Beweis stellen und erreichte bei insgesamt 14 Teilnehmern den 9.Platz.<\/p>\n\n\n\n<figure class=\"wp-block-image size-large\"><a href=\"https:\/\/rawa-kanu.de\/rawa2016\/wp-content\/uploads\/2023\/07\/4.-Jan-Felderhoff-im-Startbereich.jpg\"><img loading=\"lazy\" decoding=\"async\" width=\"771\" height=\"1024\" src=\"https:\/\/rawa-kanu.de\/rawa2016\/wp-content\/uploads\/2023\/07\/4.-Jan-Felderhoff-im-Startbereich-771x1024.jpg\" alt=\"\" class=\"wp-image-1975\" srcset=\"https:\/\/rawa-kanu.de\/rawa2016\/wp-content\/uploads\/2023\/07\/4.-Jan-Felderhoff-im-Startbereich-771x1024.jpg 771w, https:\/\/rawa-kanu.de\/rawa2016\/wp-content\/uploads\/2023\/07\/4.-Jan-Felderhoff-im-Startbereich-226x300.jpg 226w, https:\/\/rawa-kanu.de\/rawa2016\/wp-content\/uploads\/2023\/07\/4.-Jan-Felderhoff-im-Startbereich-768x1021.jpg 768w, https:\/\/rawa-kanu.de\/rawa2016\/wp-content\/uploads\/2023\/07\/4.-Jan-Felderhoff-im-Startbereich-1156x1536.jpg 1156w, https:\/\/rawa-kanu.de\/rawa2016\/wp-content\/uploads\/2023\/07\/4.-Jan-Felderhoff-im-Startbereich.jpg 1204w\" sizes=\"auto, (max-width: 771px) 100vw, 771px\" \/><\/a><figcaption class=\"wp-element-caption\">Jan Felderhoff im Startbereich<\/figcaption><\/figure>\n\n\n\n<p><\/p>\n\n\n\n<figure class=\"wp-block-image size-large\"><a href=\"https:\/\/rawa-kanu.de\/rawa2016\/wp-content\/uploads\/2023\/07\/5.-Mannschaftsfoto-nach-der-Siegerehrung.jpg\"><img loading=\"lazy\" decoding=\"async\" width=\"674\" height=\"1024\" src=\"https:\/\/rawa-kanu.de\/rawa2016\/wp-content\/uploads\/2023\/07\/5.-Mannschaftsfoto-nach-der-Siegerehrung-674x1024.jpg\" alt=\"\" class=\"wp-image-1976\" srcset=\"https:\/\/rawa-kanu.de\/rawa2016\/wp-content\/uploads\/2023\/07\/5.-Mannschaftsfoto-nach-der-Siegerehrung-674x1024.jpg 674w, https:\/\/rawa-kanu.de\/rawa2016\/wp-content\/uploads\/2023\/07\/5.-Mannschaftsfoto-nach-der-Siegerehrung-197x300.jpg 197w, https:\/\/rawa-kanu.de\/rawa2016\/wp-content\/uploads\/2023\/07\/5.-Mannschaftsfoto-nach-der-Siegerehrung-768x1167.jpg 768w, https:\/\/rawa-kanu.de\/rawa2016\/wp-content\/uploads\/2023\/07\/5.-Mannschaftsfoto-nach-der-Siegerehrung.jpg 990w\" sizes=\"auto, (max-width: 674px) 100vw, 674px\" \/><\/a><figcaption class=\"wp-element-caption\">Mannschaftsfoto nach der Siegerehrung<\/figcaption><\/figure>\n\n\n\n<p>Die n\u00e4chsten Regattatermine finden nach den Ferien statt:<\/p>\n\n\n\n<p>70. Schwerter Ruhrslalom 19.08\/20.08.2023<\/p>\n\n\n\n<p>40. Gladbecker Kanuslalom 26.08\/27.08.2023<\/p>\n\n\n\n<p>Das Slalomteam hofft wieder auf zahlreiche Anfeuerung und Unterst\u00fctzung durch Eltern, Geschwister und Vereinsmitglieder.<\/p>\n","protected":false},"excerpt":{"rendered":"<p>Kurz vor den Sommerferien ging es noch einmal sportlich spannend&#8230; <\/p>\n","protected":false},"author":3,"featured_media":0,"comment_status":"closed","ping_status":"closed","sticky":false,"template":"","format":"standard","meta":{"footnotes":""},"categories":[1],"tags":[],"class_list":["post-1971","post","type-post","status-publish","format-standard","hentry","category-allgemein"],"_links":{"self":[{"href":"https:\/\/rawa-kanu.de\/rawa2016\/wp-json\/wp\/v2\/posts\/1971","targetHints":{"allow":["GET"]}}],"collection":[{"href":"https:\/\/rawa-kanu.de\/rawa2016\/wp-json\/wp\/v2\/posts"}],"about":[{"href":"https:\/\/rawa-kanu.de\/rawa2016\/wp-json\/wp\/v2\/types\/post"}],"author":[{"embeddable":true,"href":"https:\/\/rawa-kanu.de\/rawa2016\/wp-json\/wp\/v2\/users\/3"}],"replies":[{"embeddable":true,"href":"https:\/\/rawa-kanu.de\/rawa2016\/wp-json\/wp\/v2\/comments?post=1971"}],"version-history":[{"count":1,"href":"https:\/\/rawa-kanu.de\/rawa2016\/wp-json\/wp\/v2\/posts\/1971\/revisions"}],"predecessor-version":[{"id":1977,"href":"https:\/\/rawa-kanu.de\/rawa2016\/wp-json\/wp\/v2\/posts\/1971\/revisions\/1977"}],"wp:attachment":[{"href":"https:\/\/rawa-kanu.de\/rawa2016\/wp-json\/wp\/v2\/media?parent=1971"}],"wp:term":[{"taxonomy":"category","embeddable":true,"href":"https:\/\/rawa-kanu.de\/rawa2016\/wp-json\/wp\/v2\/categories?post=1971"},{"taxonomy":"post_tag","embeddable":true,"href":"https:\/\/rawa-kanu.de\/rawa2016\/wp-json\/wp\/v2\/tags?post=1971"}],"curies":[{"name":"wp","href":"https:\/\/api.w.org\/{rel}","templated":true}]}}