{"id":1952,"date":"2023-05-01T19:24:23","date_gmt":"2023-05-01T17:24:23","guid":{"rendered":"https:\/\/rawa-kanu.de\/rawa2016\/?p=1952"},"modified":"2023-05-01T19:24:24","modified_gmt":"2023-05-01T17:24:24","slug":"fahrt-zur-agger","status":"publish","type":"post","link":"https:\/\/rawa-kanu.de\/rawa2016\/2023\/05\/01\/fahrt-zur-agger\/","title":{"rendered":"Fahrt zur Agger"},"content":{"rendered":"\n<p>Die dritte Bezirksfahrt 2023 ging bei herrlichem Sonnenschein zur Agger. Sieben hochmotivierte RAWAjaner packten ihre Kajaks auf&#8217;s Dach und starteten nach Vilkerath. Nachdem die Autos zum Zielpunkt gebracht waren, konnte es auch schon losgehen. <\/p>\n\n\n\n<figure class=\"wp-block-image size-large\"><a href=\"https:\/\/rawa-kanu.de\/rawa2016\/wp-content\/uploads\/2023\/05\/IMG_4318-2-scaled.jpg\"><img loading=\"lazy\" decoding=\"async\" width=\"1024\" height=\"717\" src=\"https:\/\/rawa-kanu.de\/rawa2016\/wp-content\/uploads\/2023\/05\/IMG_4318-2-1024x717.jpg\" alt=\"\" class=\"wp-image-1953\" srcset=\"https:\/\/rawa-kanu.de\/rawa2016\/wp-content\/uploads\/2023\/05\/IMG_4318-2-1024x717.jpg 1024w, https:\/\/rawa-kanu.de\/rawa2016\/wp-content\/uploads\/2023\/05\/IMG_4318-2-300x210.jpg 300w, https:\/\/rawa-kanu.de\/rawa2016\/wp-content\/uploads\/2023\/05\/IMG_4318-2-768x538.jpg 768w, https:\/\/rawa-kanu.de\/rawa2016\/wp-content\/uploads\/2023\/05\/IMG_4318-2-1536x1076.jpg 1536w, https:\/\/rawa-kanu.de\/rawa2016\/wp-content\/uploads\/2023\/05\/IMG_4318-2-2048x1435.jpg 2048w\" sizes=\"auto, (max-width: 1024px) 100vw, 1024px\" \/><\/a><\/figure>\n\n\n\n<p>Der Pegel der Agger war mit 79cm etwas mager, was sich an den kleineren Schw\u00e4llen durch Grundber\u00fchrungen und Steinkontakt der Kajaks bemerkbar machte. Aber obwohl dadurch sicher so manches St\u00fcckchen buntes PE im Flussbett h\u00e4ngenblieb, war es eine spritzige Tour, auf der die Agger noch eine gute Str\u00f6mungsgeschwindigkeit vorhielt. <\/p>\n\n\n\n<figure class=\"wp-block-image size-large\"><a href=\"https:\/\/rawa-kanu.de\/rawa2016\/wp-content\/uploads\/2023\/05\/IMG_4343-2-scaled.jpg\"><img loading=\"lazy\" decoding=\"async\" width=\"842\" height=\"1024\" src=\"https:\/\/rawa-kanu.de\/rawa2016\/wp-content\/uploads\/2023\/05\/IMG_4343-2-842x1024.jpg\" alt=\"\" class=\"wp-image-1954\" srcset=\"https:\/\/rawa-kanu.de\/rawa2016\/wp-content\/uploads\/2023\/05\/IMG_4343-2-842x1024.jpg 842w, https:\/\/rawa-kanu.de\/rawa2016\/wp-content\/uploads\/2023\/05\/IMG_4343-2-247x300.jpg 247w, https:\/\/rawa-kanu.de\/rawa2016\/wp-content\/uploads\/2023\/05\/IMG_4343-2-768x934.jpg 768w, https:\/\/rawa-kanu.de\/rawa2016\/wp-content\/uploads\/2023\/05\/IMG_4343-2-1263x1536.jpg 1263w, https:\/\/rawa-kanu.de\/rawa2016\/wp-content\/uploads\/2023\/05\/IMG_4343-2-1684x2048.jpg 1684w\" sizes=\"auto, (max-width: 842px) 100vw, 842px\" \/><\/a><\/figure>\n\n\n\n<p>Nachdem wir die H\u00e4lfte der Strecke zur\u00fcckgelegt hatten, suchten wir uns eine nette Kiesbank und verzehrten die mitgebrachte Vesper. <\/p>\n\n\n\n<figure class=\"wp-block-image size-large\"><a href=\"https:\/\/rawa-kanu.de\/rawa2016\/wp-content\/uploads\/2023\/05\/IMG_4338-2-scaled.jpg\"><img loading=\"lazy\" decoding=\"async\" width=\"958\" height=\"1024\" src=\"https:\/\/rawa-kanu.de\/rawa2016\/wp-content\/uploads\/2023\/05\/IMG_4338-2-958x1024.jpg\" alt=\"\" class=\"wp-image-1955\" srcset=\"https:\/\/rawa-kanu.de\/rawa2016\/wp-content\/uploads\/2023\/05\/IMG_4338-2-958x1024.jpg 958w, https:\/\/rawa-kanu.de\/rawa2016\/wp-content\/uploads\/2023\/05\/IMG_4338-2-281x300.jpg 281w, https:\/\/rawa-kanu.de\/rawa2016\/wp-content\/uploads\/2023\/05\/IMG_4338-2-768x820.jpg 768w, https:\/\/rawa-kanu.de\/rawa2016\/wp-content\/uploads\/2023\/05\/IMG_4338-2-1438x1536.jpg 1438w, https:\/\/rawa-kanu.de\/rawa2016\/wp-content\/uploads\/2023\/05\/IMG_4338-2-1917x2048.jpg 1917w\" sizes=\"auto, (max-width: 958px) 100vw, 958px\" \/><\/a><\/figure>\n\n\n\n<p>Nach 27 Kilometern erreichten wir das Ziel beim Kanu Club Delphin Siegburg. Nachdem die Boote geladen waren, gab es zun\u00e4chst Streuselkuchen f\u00fcr alle, bevor wir uns ein nettes Lokal an der Agger suchten und gemeinsam den Tag mit Eisbechern ausklingen lie\u00dfen. <\/p>\n\n\n\n<figure class=\"wp-block-image size-large\"><a href=\"https:\/\/rawa-kanu.de\/rawa2016\/wp-content\/uploads\/2023\/05\/31793210-8b65-4d66-9485-9bcd70a41313.jpg\"><img loading=\"lazy\" decoding=\"async\" width=\"789\" height=\"1024\" src=\"https:\/\/rawa-kanu.de\/rawa2016\/wp-content\/uploads\/2023\/05\/31793210-8b65-4d66-9485-9bcd70a41313-789x1024.jpg\" alt=\"\" class=\"wp-image-1956\" srcset=\"https:\/\/rawa-kanu.de\/rawa2016\/wp-content\/uploads\/2023\/05\/31793210-8b65-4d66-9485-9bcd70a41313-789x1024.jpg 789w, https:\/\/rawa-kanu.de\/rawa2016\/wp-content\/uploads\/2023\/05\/31793210-8b65-4d66-9485-9bcd70a41313-231x300.jpg 231w, https:\/\/rawa-kanu.de\/rawa2016\/wp-content\/uploads\/2023\/05\/31793210-8b65-4d66-9485-9bcd70a41313-768x996.jpg 768w, https:\/\/rawa-kanu.de\/rawa2016\/wp-content\/uploads\/2023\/05\/31793210-8b65-4d66-9485-9bcd70a41313-1184x1536.jpg 1184w, https:\/\/rawa-kanu.de\/rawa2016\/wp-content\/uploads\/2023\/05\/31793210-8b65-4d66-9485-9bcd70a41313.jpg 1436w\" sizes=\"auto, (max-width: 789px) 100vw, 789px\" \/><\/a><\/figure>\n","protected":false},"excerpt":{"rendered":"<p>Die dritte Bezirksfahrt 2023 ging bei herrlichem Sonnenschein zur Agger&#8230;. <\/p>\n","protected":false},"author":3,"featured_media":0,"comment_status":"closed","ping_status":"closed","sticky":false,"template":"","format":"standard","meta":{"footnotes":""},"categories":[1],"tags":[],"class_list":["post-1952","post","type-post","status-publish","format-standard","hentry","category-allgemein"],"_links":{"self":[{"href":"https:\/\/rawa-kanu.de\/rawa2016\/wp-json\/wp\/v2\/posts\/1952","targetHints":{"allow":["GET"]}}],"collection":[{"href":"https:\/\/rawa-kanu.de\/rawa2016\/wp-json\/wp\/v2\/posts"}],"about":[{"href":"https:\/\/rawa-kanu.de\/rawa2016\/wp-json\/wp\/v2\/types\/post"}],"author":[{"embeddable":true,"href":"https:\/\/rawa-kanu.de\/rawa2016\/wp-json\/wp\/v2\/users\/3"}],"replies":[{"embeddable":true,"href":"https:\/\/rawa-kanu.de\/rawa2016\/wp-json\/wp\/v2\/comments?post=1952"}],"version-history":[{"count":1,"href":"https:\/\/rawa-kanu.de\/rawa2016\/wp-json\/wp\/v2\/posts\/1952\/revisions"}],"predecessor-version":[{"id":1957,"href":"https:\/\/rawa-kanu.de\/rawa2016\/wp-json\/wp\/v2\/posts\/1952\/revisions\/1957"}],"wp:attachment":[{"href":"https:\/\/rawa-kanu.de\/rawa2016\/wp-json\/wp\/v2\/media?parent=1952"}],"wp:term":[{"taxonomy":"category","embeddable":true,"href":"https:\/\/rawa-kanu.de\/rawa2016\/wp-json\/wp\/v2\/categories?post=1952"},{"taxonomy":"post_tag","embeddable":true,"href":"https:\/\/rawa-kanu.de\/rawa2016\/wp-json\/wp\/v2\/tags?post=1952"}],"curies":[{"name":"wp","href":"https:\/\/api.w.org\/{rel}","templated":true}]}}